{"id":1869,"date":"2016-12-02T15:22:46","date_gmt":"2016-12-02T15:22:46","guid":{"rendered":"http:\/\/www.konradin.de\/de\/?p=1869"},"modified":"2016-12-02T15:30:11","modified_gmt":"2016-12-02T15:30:11","slug":"mediengestalter-mw-digital-und-print-2","status":"publish","type":"post","link":"http:\/\/staging.konradin.datenkasten.de\/de\/mediengestalter-mw-digital-und-print-2\/","title":{"rendered":"Mediengestalter (m\/w) Digital und Print"},"content":{"rendered":"<p><strong>Ausbildungsbeschreibung:<\/strong><br \/>\nMediengestalter (m\/w) Digital und Print sind zust\u00e4ndig f\u00fcr die Gestaltung von digitalen oder gedruckten Informationsmitteln. Hierf\u00fcr entwickeln sie Konzepte, setzen sie um und erstellen das fertige Produkt. Dar\u00fcber hinaus beraten sie Kunden.<\/p>\n<p>Im Unternehmen erlangen Sie Kenntnisse aus den folgenden Gebieten:<\/p>\n<ul>\n<li>Layouten von Zeitschriften<\/li>\n<li>Datenhandling<\/li>\n<li>Medienintegration<\/li>\n<li>Kreativit\u00e4tstechniken<\/li>\n<li>Kommunikation und Kooperation<\/li>\n<li>Kundenorientierte Marketingma\u00dfnahmen<\/li>\n<li>Projektplanung und Konzeption<\/li>\n<li>Setzen von Kleinanzeigen<\/li>\n<li>Bildbearbeitung<\/li>\n<li>Grafiken erstellen<\/li>\n<li>Erstellen von druckf\u00e4higen Daten<\/li>\n<li>Kundenbeziehungen und Pr\u00e4sentation<\/li>\n<\/ul>\n<p>W\u00e4hrend der Ausbildung durchlaufen Sie die folgenden Abteilungen:<\/p>\n<ul>\n<li>Zeitschriftenlayout mit dem Redaktionssystem tango media<\/li>\n<li>Druckvorstufe (Satz in InDesign, Repro mit Photoshop)<\/li>\n<li>Grafik im Zentralen Marketing (Akzidenzsatz in InDesign, Zeitschriften-Relaunches)<\/li>\n<li>Redaktionsassistenz<\/li>\n<\/ul>\n<p><strong>Ausbildungsdauer:<\/strong><br \/>\n3 Jahre<\/p>\n<p><strong>Anforderungen:<\/strong><br \/>\nguter Realschulabschluss oder Abitur<\/p>\n<p><strong>Berufsschule:<\/strong><br \/>\nJohannes-Gutenberg-Schule Stuttgart<br \/>\nZentrum f\u00fcr Druck und Kommunikation<br \/>\nRostocker Stra\u00dfe 25<br \/>\n70376 Stuttgart<\/p>\n<div class=\"content_block\" id=\"custom_post_widget-970\"><p>Bitte schicken Sie Ihre Bewerbungsunterlagen per E-Mail (pdf-Dateien) an:<br \/>\n<strong>Konradin Mediengruppe<\/strong><br \/>\nPersonalabteilung, Barbara Breuning<br \/>\nErnst-Mey-Stra\u00dfe 8, 70771 Leinfelden-Echterdingen<br \/>\nPhone +49 711 7594-242<br \/>\n<a href=\"mailto:bewerbung@konradin.de\">bewerbung@konradin.de<\/a><\/p>\n<\/div>\n","protected":false},"excerpt":{"rendered":"<p>Ausbildungsbeschreibung: Mediengestalter (m\/w) Digital und Print sind zust\u00e4ndig f\u00fcr die Gestaltung von digitalen oder gedruckten Informationsmitteln. Hierf\u00fcr entwickeln sie Konzepte, setzen sie um und erstellen das fertige Produkt. Dar\u00fcber hinaus beraten sie Kunden. Im Unternehmen erlangen Sie Kenntnisse aus den folgenden Gebieten: Layouten von Zeitschriften Datenhandling Medienintegration Kreativit\u00e4tstechniken Kommunikation und Kooperation Kundenorientierte Marketingma\u00dfnahmen Projektplanung und [&hellip;]<\/p>\n","protected":false},"author":5,"featured_media":0,"comment_status":"open","ping_status":"closed","sticky":false,"template":"","format":"standard","meta":[],"categories":[7],"tags":[],"_links":{"self":[{"href":"http:\/\/staging.konradin.datenkasten.de\/de\/wp-json\/wp\/v2\/posts\/1869"}],"collection":[{"href":"http:\/\/staging.konradin.datenkasten.de\/de\/wp-json\/wp\/v2\/posts"}],"about":[{"href":"http:\/\/staging.konradin.datenkasten.de\/de\/wp-json\/wp\/v2\/types\/post"}],"author":[{"embeddable":true,"href":"http:\/\/staging.konradin.datenkasten.de\/de\/wp-json\/wp\/v2\/users\/5"}],"replies":[{"embeddable":true,"href":"http:\/\/staging.konradin.datenkasten.de\/de\/wp-json\/wp\/v2\/comments?post=1869"}],"version-history":[{"count":9,"href":"http:\/\/staging.konradin.datenkasten.de\/de\/wp-json\/wp\/v2\/posts\/1869\/revisions"}],"predecessor-version":[{"id":1883,"href":"http:\/\/staging.konradin.datenkasten.de\/de\/wp-json\/wp\/v2\/posts\/1869\/revisions\/1883"}],"wp:attachment":[{"href":"http:\/\/staging.konradin.datenkasten.de\/de\/wp-json\/wp\/v2\/media?parent=1869"}],"wp:term":[{"taxonomy":"category","embeddable":true,"href":"http:\/\/staging.konradin.datenkasten.de\/de\/wp-json\/wp\/v2\/categories?post=1869"},{"taxonomy":"post_tag","embeddable":true,"href":"http:\/\/staging.konradin.datenkasten.de\/de\/wp-json\/wp\/v2\/tags?post=1869"}],"curies":[{"name":"wp","href":"https:\/\/api.w.org\/{rel}","templated":true}]}}